{"id":378696,"date":"2025-05-09T10:50:34","date_gmt":"2025-05-09T08:50:34","guid":{"rendered":"https:\/\/www.oms.fr\/?p=378696"},"modified":"2025-05-09T10:54:05","modified_gmt":"2025-05-09T08:54:05","slug":"printemps-de-laspres","status":"publish","type":"post","link":"https:\/\/www.oms.fr\/en\/2025\/05\/09\/printemps-de-laspres\/","title":{"rendered":"Printemps de l&rsquo;Aspres"},"content":{"rendered":"<p><a href=\"https:\/\/www.lepetitagenda.com\/fr\/evenements\/le-petit-agenda\/22e-festival-le-printemps-de-laspre-evoeh\/?context=eyJwYXJhbXMiOnsiZGV0YWlsZWQiOjEsInNpemUiOjIxLCJsb25nRGVzY3JpcHRpb25Gb3JtYXQiOiJIVE1MV2l0aEVtYmVkcyIsImluY2x1ZGVMYWJlbHMiOnRydWUsImNtcyI6IndwIiwiaG9zdCI6Imh0dHBzOlwvXC93d3cubGVwZXRpdGFnZW5kYS5jb20iLCJ1c2VzX3NpdGVfZWRpdG9yIjpmYWxzZSwic29ydCI6InRpbWluZ3NXaXRoRmVhdHVyZWQuYXNjIiwiZnJvbSI6MTg5fSwiZmlsdGVycyI6eyJ0eXBlcy1kZXZlbmVtZW50cyI6WyIxIl0sImNvbnRleHQiOiJleUp3WVhKaGJYTWlPbnNpWkdWMFlXbHNaV1FpT2pFc0luTnBlbVVpT2pJeExDSnNiMjVuUkdWelkzSnBjSFJwYjI1R2IzSnRZWFFpT2lKSVZFMU1WMmwwYUVWdFltVmtjeUlzSW1sdVkyeDFaR1ZNWVdKbGJITWlPblJ5ZFdVc0ltTnRjeUk2SW5kd0lpd2lhRzl6ZENJNkltaDBkSEJ6T2x3dlhDOTNkM2N1YkdWd1pYUnBkR0ZuWlc1a1lTNWpiMjBpTENKMWMyVnpYM05wZEdWZlpXUnBkRzl5SWpwbVlXeHpaU3dpYzI5eWRDSTZJblJwYldsdVozTlhhWFJvUm1WaGRIVnlaV1F1WVhOaklpd2labkp2YlNJNk1qRXdmU3dpWm1sc2RHVnljeUk2ZXlKMGVYQmxjeTFrWlhabGJtVnRaVzUwY3lJNld5SXlOQ0pkTENKbVltTnNhV1FpT2lKUVFVRmhZbWhqWHpSZllVUmlNR2hTY1VRelZFMTRhV2g0U1V0RWMxaE9aa0k1ZDBabk9IRkhWR1ZWVG1ZNWFXSnJNa3RsVEhkTGIwRlFOVVEwSWl3aWNtVnNZWFJwZG1VaU9sc2lZM1Z5Y21WdWRDSXNJblZ3WTI5dGFXNW5JbDE5TENKd1lXZGxJam94TVN3aWRHOTBZV3dpT2pVd09Dd2laWFpsYm5SZmIyWm1jMlYwSWpveU16QjkiLCJyZWxhdGl2ZSI6WyJjdXJyZW50IiwidXBjb21pbmciXX0sInBhZ2UiOjEwLCJ0b3RhbCI6MzI0LCJldmVudF9vZmZzZXQiOjIwMX0\" target=\"_blank\" rel=\"noopener\"><img loading=\"lazy\" decoding=\"async\" class=\"alignnone wp-image-378698 size-medium\" src=\"https:\/\/www.oms.fr\/wp-content\/uploads\/2025\/05\/Printemps-de-lAspres-217x300.jpg\" alt=\"\" width=\"217\" height=\"300\" srcset=\"https:\/\/www.oms.fr\/wp-content\/uploads\/2025\/05\/Printemps-de-lAspres-217x300.jpg 217w, https:\/\/www.oms.fr\/wp-content\/uploads\/2025\/05\/Printemps-de-lAspres.jpg 700w\" sizes=\"auto, (max-width: 217px) 100vw, 217px\" \/><\/a><\/p>\n<p>&nbsp;<\/p>\n<p>Musique, concert<\/p>\n<p><span class=\"event-date\">18 Mai 2025<\/span><\/p>\n<div class=\"event-time-wrapper\"><span class=\"event-time\">17h00<\/span><\/div>\n<div class=\"event-time-wrapper\">Eglise d&rsquo; OMS<br \/>\nEn partenariat avec l\u2019association \u00ab Loisirs d\u2019Oms \u00bb<\/div>\n<p>Avec nos partenaires Mas Can\u00e9 et Fromagerie de Caixas<br \/>\nEVOEH<br \/>\nChants et musiques aux saveurs espagnoles et s\u00e9pharades<br \/>\nN\u00e9 de la collaboration de deux artistes Ariana Barrab\u00e9s, chant<br \/>\net percussions, et Jes\u00fas Olivares, chant et guitare, le duo<br \/>\nEvo\u00e9h interpr\u00e8te des chants m\u00e9diterran\u00e9ens, notamment<br \/>\ns\u00e9pharades, et propose des compositions aux saveurs<br \/>\nespagnoles. A la recherche de toutes les origines pour<br \/>\ndissoudre fronti\u00e8res et temps, Evo\u00e9h cr\u00e9e des liens culturels<br \/>\nsur des rythmes multiples et en plusieurs langues, comme<br \/>\nl&rsquo;espagnol, le ladino, le catalan, le galicien, l&rsquo;occitan, l&rsquo;arabe.<br \/>\nUn spectacle jubilatoire et color\u00e9.<br \/>\nD\u00e9gustation de vins du Domaine Spiaggia, Passa<\/p>\n<p><a href=\"https:\/\/ibfcabi.r.tsp1-brevo.net\/tr\/cl\/2Syc_5Uf2B5dMHblOEHHmzpwihbL0F51sZnjt3OtbKzKB-6HxCNfZ72iMe9eNbgM2SAYJAy82STusb8MostC5ovBZR0-FxzrLq5W20MCZcwCNBPxYGl9cFwqjL0R21HLJRq2njErVljThfs552l8Vozdrubfpf6k3AZ8wnWRo_5Klb9kmegneuzUt8hJBKEEqV5R5vu6nsS1p8vt0xRs4W0zJwh7vsYs_uWXSyUnUFQ050vS0FCHskw3S--zerskULWd6OHYkT0ye9G7cnsSSIvwrnLDmGJe3Mfsc3s8IdYjtJp2Hu3drTUzjx8oyrHVfoEvncMjXVh51xvSlAxoYomGYJp6c1VD5UCWc_bMHTomoGQ5bpIzfYQdhUOTkX3opGQXNsCgU1rGWGBBZnp2rcymSxe4uJeuVjYCcdAnJF85FfFd-D5X7Ic4MHTokbuk1ltAFB5tXKgabsf56BEkCYd7jmchfsTj7p7aPM5zx5uzbiuPj92h83VRiBwmfo1quk3U-CmTIEQlxgO_GzXcQQAaEq4JNSY8y_vmea-RbM9KdBJmLfTvibEGWkwPk7z6vkOFEjJa9zzXLb9Aspg9vv4Qi8iDWr0tgNWCFBNP0jXEmtZNn_Omeavz-Tph3aHsIEyixWfBpMlKZhtH24S6HMgoYwl2ZjQgguxBMQ5KuY9DNlmmc03gjPUnMNyBJ5TWIfaE7wg1fjUPP7k0YBmHDFXORwXlDAJFDnMDwbKKlZ2SIesfCV_Sb0xl4k64LkF82kEXWtFkPpAj_t1zu96_0lrLjOiX7ahm6KUsRZLiVx4-HTibhEhEVRmnuizFnxOMSLudtB9o2Qndtc0hZCTYbVAvJ9TYadd7hOFizBYxyzchwH7uMKWCRuKomkGlb0-7zpar-j6z0S3mkyfdmPTlEftGbxAPmEFKWIc-XHspIXX5V2cUld8KBdO37cGiIuw2efAFvJa-GJoB3J47PBNk0EInD-ya6CUruMu25csN3mSZXrn7b8F6Jh_gpHngNlaPUJYMDkmAprInh28L9rD69ono5HoD9MIeM1n1IXe5tGwDJ_YkTSxvRZPotsKukt6ZQt1Hg5d1SoWzGgIuiTlVDhDNxrIXT_knyLQ0vBjxLRn7Tt6qUxitT9pjIz1CQTrbysLm93S1UGi4M41nRajxPiWYjbnZMK6NgAexGdboosRf_gJbrESP-HOjM0smH60yIkiC6peOyczvAoIFpSsTAj6J9IqCgcQmMkdFXxP99V8rV2CK1bC9otoFj_-RVh2AbXUHxriaWDUwLF0T7SryEGFcIQBBLOrUeNolKrT9rt1HPa53ihbiqZsAtc0IQhc3wjYZRTzVAN5NV_rFAgMFKIBB5_aJBGhF9pvd0QIWUf1JFgOtoVyAy4eBsfBCSbKblScv4StGhcZ8HTHKgrkAyGBvpy80F-zbltMWdQi5kp7E6iITsDIQvhKtQHhnW7gRnHtOM3VFlazkNK52RR_VxEclJaU9Tsob5KxsfDrWzv1DruKRjWHyUf116zctLNeWoNBrU4wftF96-leJQ7reirU3b9eus0YLUc3GqGsHJpbYY1grVkLgSP5L7RRSQDphVTu8BvZIF_1-TYQ4DBvJAIko9T0xp9d7wwS1YvgGHwTrRiT6eV8Yf_d5GX4XERI8mdp65aBnLOkKdWRWFOd28t88onYM-WpYZsaOZrWc2mQwwG__OSmQuRNhDsTRe4uDLyLt89g516als-O5BCSQN_FrxfrOmCTbO-KF4vsvdw1lGOs4kGZomRueY_rT8kK3ML7sNjmirWMzl0rfLYEKw6fYsPt-8PFNdZbrg1rZXQPPg8wlHMGJlm5qPfiDDzVH2e99fXm27sFCYyQhTS3QTXeiR8bkIM0tOFDUPNSYxqJ-m3AKYGXGiynp00UsprwCdbLvClRmGJknijvrfUSEmAQ86Oy85aT3KZlmAH99k-N_p_1G\" target=\"_blank\" rel=\"noopener noreferrer\">Plus d&rsquo;informations , cliquez ici<\/a><\/p>","protected":false},"excerpt":{"rendered":"<p>&nbsp; Musique, concert 18 Mai 2025 17h00 Eglise d&rsquo; OMS En partenariat avec l\u2019association \u00ab Loisirs d\u2019Oms \u00bb Avec nos partenaires Mas Can\u00e9 et Fromagerie de Caixas EVOEH Chants et musiques aux saveurs espagnoles et s\u00e9pharades N\u00e9 de la collaboration [&hellip;]<\/p>\n","protected":false},"author":8,"featured_media":378698,"comment_status":"closed","ping_status":"closed","sticky":false,"template":"","format":"standard","meta":{"_acf_changed":false,"footnotes":""},"categories":[1],"tags":[],"class_list":["post-378696","post","type-post","status-publish","format-standard","has-post-thumbnail","hentry","category-non-classe"],"acf":[],"_links":{"self":[{"href":"https:\/\/www.oms.fr\/en\/wp-json\/wp\/v2\/posts\/378696","targetHints":{"allow":["GET"]}}],"collection":[{"href":"https:\/\/www.oms.fr\/en\/wp-json\/wp\/v2\/posts"}],"about":[{"href":"https:\/\/www.oms.fr\/en\/wp-json\/wp\/v2\/types\/post"}],"author":[{"embeddable":true,"href":"https:\/\/www.oms.fr\/en\/wp-json\/wp\/v2\/users\/8"}],"replies":[{"embeddable":true,"href":"https:\/\/www.oms.fr\/en\/wp-json\/wp\/v2\/comments?post=378696"}],"version-history":[{"count":4,"href":"https:\/\/www.oms.fr\/en\/wp-json\/wp\/v2\/posts\/378696\/revisions"}],"predecessor-version":[{"id":378794,"href":"https:\/\/www.oms.fr\/en\/wp-json\/wp\/v2\/posts\/378696\/revisions\/378794"}],"wp:featuredmedia":[{"embeddable":true,"href":"https:\/\/www.oms.fr\/en\/wp-json\/wp\/v2\/media\/378698"}],"wp:attachment":[{"href":"https:\/\/www.oms.fr\/en\/wp-json\/wp\/v2\/media?parent=378696"}],"wp:term":[{"taxonomy":"category","embeddable":true,"href":"https:\/\/www.oms.fr\/en\/wp-json\/wp\/v2\/categories?post=378696"},{"taxonomy":"post_tag","embeddable":true,"href":"https:\/\/www.oms.fr\/en\/wp-json\/wp\/v2\/tags?post=378696"}],"curies":[{"name":"wp","href":"https:\/\/api.w.org\/{rel}","templated":true}]}}