{"id":7727,"date":"2021-05-19T07:44:10","date_gmt":"2021-05-19T05:44:10","guid":{"rendered":"https:\/\/oms.fr\/?p=7727"},"modified":"2023-05-25T17:02:43","modified_gmt":"2023-05-25T15:02:43","slug":"fete-du-printemps-a-oms","status":"publish","type":"post","link":"https:\/\/www.oms.fr\/en\/2021\/05\/19\/fete-du-printemps-a-oms\/","title":{"rendered":"F\u00eate du printemps 2021 \u00e0 Oms"},"content":{"rendered":"<h3><strong>Lundi de pentec\u00f4te 24 mai 2021 la F\u00eate du printemps \u00e0 OMS<\/strong><\/h3>\n<p><a href=\"https:\/\/oms.fr\/wp-content\/uploads\/2021\/05\/flyer_fete_2021.pdf\" target=\"_blank\" rel=\"noopener noreferrer\"><img loading=\"lazy\" decoding=\"async\" class=\"alignleft size-medium wp-image-7725\" src=\"https:\/\/oms.fr\/wp-content\/uploads\/2020\/10\/flyer_fete_2021mini-232x300.jpg\" alt=\"f\u00eate du printemps Oms\" width=\"232\" height=\"300\" srcset=\"https:\/\/www.oms.fr\/wp-content\/uploads\/2020\/10\/flyer_fete_2021mini-232x300.jpg 232w, https:\/\/www.oms.fr\/wp-content\/uploads\/2020\/10\/flyer_fete_2021mini.jpg 300w\" sizes=\"auto, (max-width: 232px) 100vw, 232px\" \/><\/a><\/p>\n<ul>\n<li style=\"list-style-type: none;\">\n<ul>\n<li>Petit march\u00e9 des Producteurs \u00e0 partir de 9h<\/li>\n<li>Randonn\u00e9e familiale &#8211; D\u00e9part 10h<\/li>\n<li>Ateliers Sophrologie 10h30 et 15h<\/li>\n<li>Jonglages<\/li>\n<li>Valorisation des mat\u00e9riaux<\/li>\n<li>Balade \u00ab d\u00e9couverte du Patrimoine d\u2019Oms \u00bb 11h et 14h<\/li>\n<li>Ambiance conviviale et Animation musicale<\/li>\n<li>Piquenique avec les produits \u00e0 acheter sur place<\/li>\n<li>Repas sur r\u00e9servation au 09 52 55 29 12 (Relais de l\u2019Orme)<\/li>\n<li>Le verre de l\u2019amiti\u00e9 offert<\/li>\n<li>Tables de 6, \u00e0 l\u2019ext\u00e9rieur, consignes sanitaires respect\u00e9es.<\/li>\n<li>Place de la Mairie d\u2019Oms \u2013 9h00 \u00e0 17h<\/li>\n<\/ul>\n<\/li>\n<\/ul>\n<p><strong>Renseignements : Loisirs d\u2019Oms \u2013 06.87.11.72.02. ou Cliquez sur l&rsquo;image<\/strong><\/p>","protected":false},"excerpt":{"rendered":"<p>Lundi de pentec\u00f4te 24 mai 2021 la F\u00eate du printemps \u00e0 OMS Petit march\u00e9 des Producteurs \u00e0 partir de 9h Randonn\u00e9e familiale &#8211; D\u00e9part 10h Ateliers Sophrologie 10h30 et 15h Jonglages Valorisation des mat\u00e9riaux Balade \u00ab d\u00e9couverte du Patrimoine d\u2019Oms [&hellip;]<\/p>\n","protected":false},"author":2,"featured_media":0,"comment_status":"closed","ping_status":"closed","sticky":false,"template":"","format":"standard","meta":{"_acf_changed":false,"footnotes":""},"categories":[25],"tags":[],"class_list":["post-7727","post","type-post","status-publish","format-standard","hentry","category-loisirs-doms"],"acf":[],"_links":{"self":[{"href":"https:\/\/www.oms.fr\/en\/wp-json\/wp\/v2\/posts\/7727","targetHints":{"allow":["GET"]}}],"collection":[{"href":"https:\/\/www.oms.fr\/en\/wp-json\/wp\/v2\/posts"}],"about":[{"href":"https:\/\/www.oms.fr\/en\/wp-json\/wp\/v2\/types\/post"}],"author":[{"embeddable":true,"href":"https:\/\/www.oms.fr\/en\/wp-json\/wp\/v2\/users\/2"}],"replies":[{"embeddable":true,"href":"https:\/\/www.oms.fr\/en\/wp-json\/wp\/v2\/comments?post=7727"}],"version-history":[{"count":0,"href":"https:\/\/www.oms.fr\/en\/wp-json\/wp\/v2\/posts\/7727\/revisions"}],"wp:attachment":[{"href":"https:\/\/www.oms.fr\/en\/wp-json\/wp\/v2\/media?parent=7727"}],"wp:term":[{"taxonomy":"category","embeddable":true,"href":"https:\/\/www.oms.fr\/en\/wp-json\/wp\/v2\/categories?post=7727"},{"taxonomy":"post_tag","embeddable":true,"href":"https:\/\/www.oms.fr\/en\/wp-json\/wp\/v2\/tags?post=7727"}],"curies":[{"name":"wp","href":"https:\/\/api.w.org\/{rel}","templated":true}]}}