{"id":8021,"date":"2021-10-14T08:35:32","date_gmt":"2021-10-14T06:35:32","guid":{"rendered":"https:\/\/oms.fr\/?p=8021"},"modified":"2021-10-22T08:19:51","modified_gmt":"2021-10-22T06:19:51","slug":"action-parentalite-semaines-des-familles-2021","status":"publish","type":"post","link":"https:\/\/www.oms.fr\/en\/2021\/10\/14\/action-parentalite-semaines-des-familles-2021\/","title":{"rendered":"Action parentalit\u00e9 \u00ab\u00a0semaines des familles 2021\u00a0\u00bb"},"content":{"rendered":"<p><a href=\"https:\/\/oms.fr\/wp-content\/uploads\/2021\/10\/semaine-des-parents-affiche-A3-le-16-17-oct.png\"><img loading=\"lazy\" decoding=\"async\" class=\"alignleft size-medium wp-image-8022\" src=\"https:\/\/oms.fr\/wp-content\/uploads\/2021\/10\/semaine-des-parents-affiche-A3-le-16-17-oct-212x300.png\" alt=\"\" width=\"212\" height=\"300\" srcset=\"https:\/\/www.oms.fr\/wp-content\/uploads\/2021\/10\/semaine-des-parents-affiche-A3-le-16-17-oct-212x300.png 212w, https:\/\/www.oms.fr\/wp-content\/uploads\/2021\/10\/semaine-des-parents-affiche-A3-le-16-17-oct.png 282w\" sizes=\"auto, (max-width: 212px) 100vw, 212px\" \/><\/a><strong>Dimanche 17 Octobre 2021 \u00e0 Oms<\/strong><br \/>\nSortie Famille Patrimoine et Histoire des Aspres.<br \/>\nRendez-vous \u00e0 15h00 au parking de la Mairie de Oms :<br \/>\n\u2022 Randonn\u00e9e et visite guid\u00e9e \u00e0 la rencontre des Seigneurs d\u2019Oms et de leur environnement<br \/>\n\u2022 Chasse aux tr\u00e9sors<br \/>\n(pr\u00e9voyez des chaussures de marche)<br \/>\nGo\u00fbter offert par la Mairie<br \/>\n<a href=\"https:\/\/www.oms.fr\/en\/divers\/semaine_des_parents_flyer.pdf\/\" target=\"_blank\" rel=\"noopener noreferrer\"><strong>Plus d&rsquo;information<\/strong><\/a><\/p>\n<p><strong>Inscription :<\/strong> Liliane Garc\u00e9s, 06 26 39 56 77<\/p>","protected":false},"excerpt":{"rendered":"<p>Dimanche 17 Octobre 2021 \u00e0 Oms Sortie Famille Patrimoine et Histoire des Aspres. Rendez-vous \u00e0 15h00 au parking de la Mairie de Oms : \u2022 Randonn\u00e9e et visite guid\u00e9e \u00e0 la rencontre des Seigneurs d\u2019Oms et de leur environnement \u2022 [&hellip;]<\/p>\n","protected":false},"author":2,"featured_media":0,"comment_status":"closed","ping_status":"closed","sticky":false,"template":"","format":"standard","meta":{"_acf_changed":false,"footnotes":""},"categories":[1],"tags":[],"class_list":["post-8021","post","type-post","status-publish","format-standard","hentry","category-non-classe"],"acf":[],"_links":{"self":[{"href":"https:\/\/www.oms.fr\/en\/wp-json\/wp\/v2\/posts\/8021","targetHints":{"allow":["GET"]}}],"collection":[{"href":"https:\/\/www.oms.fr\/en\/wp-json\/wp\/v2\/posts"}],"about":[{"href":"https:\/\/www.oms.fr\/en\/wp-json\/wp\/v2\/types\/post"}],"author":[{"embeddable":true,"href":"https:\/\/www.oms.fr\/en\/wp-json\/wp\/v2\/users\/2"}],"replies":[{"embeddable":true,"href":"https:\/\/www.oms.fr\/en\/wp-json\/wp\/v2\/comments?post=8021"}],"version-history":[{"count":0,"href":"https:\/\/www.oms.fr\/en\/wp-json\/wp\/v2\/posts\/8021\/revisions"}],"wp:attachment":[{"href":"https:\/\/www.oms.fr\/en\/wp-json\/wp\/v2\/media?parent=8021"}],"wp:term":[{"taxonomy":"category","embeddable":true,"href":"https:\/\/www.oms.fr\/en\/wp-json\/wp\/v2\/categories?post=8021"},{"taxonomy":"post_tag","embeddable":true,"href":"https:\/\/www.oms.fr\/en\/wp-json\/wp\/v2\/tags?post=8021"}],"curies":[{"name":"wp","href":"https:\/\/api.w.org\/{rel}","templated":true}]}}